{"id":8123,"date":"2024-12-02T15:56:15","date_gmt":"2024-12-02T14:56:15","guid":{"rendered":"https:\/\/www.federazionecinofila.it\/?p=8123"},"modified":"2024-12-02T15:56:22","modified_gmt":"2024-12-02T14:56:22","slug":"sono-online-i-punteggi-del-campionato-italiano-di-agility-cis","status":"publish","type":"post","link":"https:\/\/www.federazionecinofila.it\/index.php\/2024\/12\/02\/sono-online-i-punteggi-del-campionato-italiano-di-agility-cis\/","title":{"rendered":"Sono online i punteggi del Campionato Italiano di Agility CIS"},"content":{"rendered":"\n<p>A fine ottobre ha preso il via il Campionato Italiano di Agility CIS 2024\/2025 con il nuovo regolamento di gara che vi abbiamo presentato nelle scorse settimane.<\/p>\n\n\n\n<p>Il calendario delle gare \u00e8 in continuo aggiornamento ma potete vedere del date gi\u00e0 fissate a <a href=\"https:\/\/www.federazionecinofila.it\/index.php\/agility-dog\/\" target=\"_blank\" rel=\"noreferrer noopener\">questo link<\/a> mentre i risultati delle gare gi\u00e0 svolte li potete vedere sul sito ufficiale delle gare <a href=\"https:\/\/garecis.it\/\" target=\"_blank\" rel=\"noreferrer noopener\">garecis.it<\/a>.<\/p>\n\n\n\n<p>Vi ricordiamo che partecipando alle gare di Campionato avete la possibilit\u00e0 di ottenere punti validi per l&#8217;ammissione alla finale del campionato di agility che si svolger\u00e0 a Settembre 2025. <\/p>\n\n\n\n<p>Sono ufficialmente online i punteggi dopo le prime gare, ecco di seguito i link:<\/p>\n\n\n\n<ul class=\"wp-block-list\">\n<li><a href=\"https:\/\/1drv.ms\/b\/s!AlKWyz9e_DB2g7QqoMqtffr8MqYvqQ?e=DN1dgM\">Cat. Small<\/a><\/li>\n\n\n\n<li><a href=\"https:\/\/1drv.ms\/b\/s!AlKWyz9e_DB2g7Qrdk3mNoD97DfeWw?e=Mx4AvY\">Cat. Medi<\/a><\/li>\n\n\n\n<li><a href=\"https:\/\/1drv.ms\/b\/s!AlKWyz9e_DB2g7Qsas6dBOg_VcZn1Q?e=Bk5UT9\">Cat. Intermedi<\/a><\/li>\n\n\n\n<li><a href=\"https:\/\/1drv.ms\/b\/s!AlKWyz9e_DB2g7QtWGkgTuZIBKy37A?e=z0caUY\">Cat. Large<\/a><\/li>\n<\/ul>\n\n\n\n<p>Per eventuali segnalazioni sull&#8217;assegnazione dei punteggi scriveteci a <a href=\"mailto:info@federazionecinofila.it\">info@federazionecinofila.it<\/a><\/p>\n\n\n\n<p><\/p>\n","protected":false},"excerpt":{"rendered":"<p>A fine ottobre ha preso il via il Campionato Italiano di Agility CIS 2024\/2025 con il nuovo regolamento di gara che vi abbiamo presentato nelle scorse settimane. Il calendario delle gare \u00e8 in continuo aggiornamento ma potete vedere del date gi\u00e0 fissate a questo link mentre i risultati delle gare gi\u00e0 svolte li potete vedere [&hellip;]<\/p>\n","protected":false},"author":1,"featured_media":8124,"comment_status":"open","ping_status":"open","sticky":false,"template":"","format":"standard","meta":{"_jetpack_memberships_contains_paid_content":false,"footnotes":""},"categories":[35],"tags":[],"class_list":["post-8123","post","type-post","status-publish","format-standard","has-post-thumbnail","hentry","category-dipartimenti-sportivi"],"jetpack_featured_media_url":"https:\/\/www.federazionecinofila.it\/wp-content\/uploads\/2024\/12\/431486166_17908747343927610_3334530757829753292_n.jpg","jetpack_sharing_enabled":true,"_links":{"self":[{"href":"https:\/\/www.federazionecinofila.it\/index.php\/wp-json\/wp\/v2\/posts\/8123","targetHints":{"allow":["GET"]}}],"collection":[{"href":"https:\/\/www.federazionecinofila.it\/index.php\/wp-json\/wp\/v2\/posts"}],"about":[{"href":"https:\/\/www.federazionecinofila.it\/index.php\/wp-json\/wp\/v2\/types\/post"}],"author":[{"embeddable":true,"href":"https:\/\/www.federazionecinofila.it\/index.php\/wp-json\/wp\/v2\/users\/1"}],"replies":[{"embeddable":true,"href":"https:\/\/www.federazionecinofila.it\/index.php\/wp-json\/wp\/v2\/comments?post=8123"}],"version-history":[{"count":0,"href":"https:\/\/www.federazionecinofila.it\/index.php\/wp-json\/wp\/v2\/posts\/8123\/revisions"}],"wp:featuredmedia":[{"embeddable":true,"href":"https:\/\/www.federazionecinofila.it\/index.php\/wp-json\/wp\/v2\/media\/8124"}],"wp:attachment":[{"href":"https:\/\/www.federazionecinofila.it\/index.php\/wp-json\/wp\/v2\/media?parent=8123"}],"wp:term":[{"taxonomy":"category","embeddable":true,"href":"https:\/\/www.federazionecinofila.it\/index.php\/wp-json\/wp\/v2\/categories?post=8123"},{"taxonomy":"post_tag","embeddable":true,"href":"https:\/\/www.federazionecinofila.it\/index.php\/wp-json\/wp\/v2\/tags?post=8123"}],"curies":[{"name":"wp","href":"https:\/\/api.w.org\/{rel}","templated":true}]}}