{"id":7137,"date":"2024-07-22T10:01:30","date_gmt":"2024-07-22T08:01:30","guid":{"rendered":"https:\/\/www.federazionecinofila.it\/?p=7137"},"modified":"2024-07-22T10:20:36","modified_gmt":"2024-07-22T08:20:36","slug":"teibball-in-notturna-alla-torre-agility-dog","status":"publish","type":"post","link":"https:\/\/www.federazionecinofila.it\/index.php\/2024\/07\/22\/teibball-in-notturna-alla-torre-agility-dog\/","title":{"rendered":"Treibball in notturna alla Torre Agility Dog!"},"content":{"rendered":"\n<p>Sabato 20 luglio si \u00e8 svolta in notturna la gara di Campionato CIS di Treibball che ha visto anche l&#8217;assegnazione del titolo di <strong>Campione Regionale Veneto 2024<\/strong> per la disciplina.<\/p>\n\n\n\n<p>La gara si \u00e8 svolta in notturna e ha permesso ha cani e conduttori di gareggiare con le temperature tipiche serali. Una bellissima serata all&#8217;insegna del divertimento, della sana competizione e del debutto di nuovi binomi in questa disciplina.<\/p>\n\n\n\n<p>Grazie a <strong>Diego Ruffo<\/strong>, responsabile nazionale di settore, per il suo impegno nella diffusione di questo sport cinofilo e nel coordinamento nell&#8217;organizzazione delle gare di Campionato 2024.<\/p>\n\n\n\n<p>Ecco la serata di gara dalle parole di Diego:<\/p>\n\n\n\n<p>&#8220;<em>In una sera di mezza estate \u00e8 andata in scena la gara treibball CIS che ha decretato i campioni regionali di ogni categoria. Un prezioso grazie a tutti i binomi che hanno partecipato e ai loro istruttori perch\u00e9 in campo si \u00e8 visto un elevato livello tecnico segnale della loro competenza ma soprattutto per la volont\u00e0 di portare avanti questa disciplina. Nella numerosa categoria junior small la classifica si \u00e8 decisa sul filo dei secondi.<br>Vedo tantissima voglia di mettersi in gioco, e cercare di diffondere questo sport con uno sano spirito di divertimento e amicizia con un doveroso rispetto del protagonista principale\u2026.il nostro amico a quattro zampe.<br>Un grazie al giudice Luigi Sperati Ruffoni che \u00e8 stato una grande spalla nel giudicare i ben 20 binomi iscritti. Grazie ai club Amici del Bludog ASD e Cangrande agility Team per essere sempre presenti con i loro binomi.Grazie ai ragazzi della Torre che ci hanno aiutato nell&#8217; organizzazione della gara sia in campo e segreteria senza mai mollare fino alla fine. Complimenti a tutti i binomi per i risultati ottenuti e ai campioni regionali\u2026 magnifica serata. Lo spirito che si respira in gara \u00e8 stimolo per migliorare e mettere in campo altre idee con lo sguardo rivolto verso le gare europee\u2026<br>Grazie mille a tutti voi.<\/em>&#8220;<\/p>\n\n\n\n<p>Grazie a Diego e Luigi giudici della manifestazione e a tutto lo staff della Torre Agility per l&#8217;organizzazione dell&#8217;evento. <\/p>\n\n\n\n<p>Vi aspettiamo alle finali nazionali di Lignano Sabbiadoro a Settembre!<\/p>\n","protected":false},"excerpt":{"rendered":"<p>Sabato 20 luglio si \u00e8 svolta in notturna la gara di Campionato CIS di Treibball che ha visto anche l&#8217;assegnazione del titolo di Campione Regionale Veneto 2024 per la disciplina. La gara si \u00e8 svolta in notturna e ha permesso ha cani e conduttori di gareggiare con le temperature tipiche serali. Una bellissima serata all&#8217;insegna [&hellip;]<\/p>\n","protected":false},"author":1,"featured_media":7142,"comment_status":"open","ping_status":"open","sticky":false,"template":"","format":"standard","meta":{"_jetpack_memberships_contains_paid_content":false,"footnotes":""},"categories":[35,6],"tags":[],"class_list":["post-7137","post","type-post","status-publish","format-standard","has-post-thumbnail","hentry","category-dipartimenti-sportivi","category-eventi"],"jetpack_featured_media_url":"https:\/\/www.federazionecinofila.it\/wp-content\/uploads\/2024\/07\/coverluglio2.png","jetpack_sharing_enabled":true,"_links":{"self":[{"href":"https:\/\/www.federazionecinofila.it\/index.php\/wp-json\/wp\/v2\/posts\/7137","targetHints":{"allow":["GET"]}}],"collection":[{"href":"https:\/\/www.federazionecinofila.it\/index.php\/wp-json\/wp\/v2\/posts"}],"about":[{"href":"https:\/\/www.federazionecinofila.it\/index.php\/wp-json\/wp\/v2\/types\/post"}],"author":[{"embeddable":true,"href":"https:\/\/www.federazionecinofila.it\/index.php\/wp-json\/wp\/v2\/users\/1"}],"replies":[{"embeddable":true,"href":"https:\/\/www.federazionecinofila.it\/index.php\/wp-json\/wp\/v2\/comments?post=7137"}],"version-history":[{"count":0,"href":"https:\/\/www.federazionecinofila.it\/index.php\/wp-json\/wp\/v2\/posts\/7137\/revisions"}],"wp:featuredmedia":[{"embeddable":true,"href":"https:\/\/www.federazionecinofila.it\/index.php\/wp-json\/wp\/v2\/media\/7142"}],"wp:attachment":[{"href":"https:\/\/www.federazionecinofila.it\/index.php\/wp-json\/wp\/v2\/media?parent=7137"}],"wp:term":[{"taxonomy":"category","embeddable":true,"href":"https:\/\/www.federazionecinofila.it\/index.php\/wp-json\/wp\/v2\/categories?post=7137"},{"taxonomy":"post_tag","embeddable":true,"href":"https:\/\/www.federazionecinofila.it\/index.php\/wp-json\/wp\/v2\/tags?post=7137"}],"curies":[{"name":"wp","href":"https:\/\/api.w.org\/{rel}","templated":true}]}}