{"id":6565,"date":"2024-04-30T09:00:00","date_gmt":"2024-04-30T07:00:00","guid":{"rendered":"https:\/\/www.federazionecinofila.it\/?p=6565"},"modified":"2024-04-30T08:49:58","modified_gmt":"2024-04-30T06:49:58","slug":"nuova-tappa-del-campionato-treibball-cis-alla-torre-di-palu","status":"publish","type":"post","link":"https:\/\/www.federazionecinofila.it\/index.php\/2024\/04\/30\/nuova-tappa-del-campionato-treibball-cis-alla-torre-di-palu\/","title":{"rendered":"Nuova tappa del Campionato Treibball CIS alla Torre di Pal\u00f9"},"content":{"rendered":"\n<p class=\"has-text-align-justify\">Il<strong> 25 aprile<\/strong> \u00e8 stata una giornata speciale per il <strong>Treibball<\/strong>. Si \u00e8 svolta una nuova tappa del Campionato Italiano di Treibball CIS al <strong>Centro Cinofilo La Torre di Pal\u00f9<\/strong> (VR).<\/p>\n\n\n\n<p class=\"has-text-align-justify\">Tutti i partecipanti sono stati accolti al centro cinofilo preparato ad hoc per l&#8217;evento da Massimo, Marina e Diego. La gara \u00e8 stata giudicata da <strong>Diego Ruffo<\/strong> e si \u00e8 svolta la prova del campionato italiano, la prova del campionato italiano games e una speciale prova a staffetta con squadre composte da binomi di diversi club. Si \u00e8 vista una bellissima competizione e questa giornata \u00e8 stata un&#8217;occasione speciale di scambio e di condivisione dei veri valori dello sport.<\/p>\n\n\n\n<p class=\"has-text-align-justify\">E&#8217; stata inoltre una giornata speciale perch\u00e9 gioved\u00ec si \u00e8 concluso il percorso dell&#8217;apprendista giudice <strong>Luigi Sperati Ruffoni<\/strong> che con il suo ultimo affiancamento ha ottenuto la qualifica di giudice abilitato a giudicare le gare del Campionato Italiano CIS. <\/p>\n\n\n\n<p class=\"has-text-align-justify\">Congratulazioni da parte di tutta la CIS al neo-giudice Luigi e a tutta la Torre Agility per l&#8217;organizzazione impeccabile e per il bellissimo clima presente ogni volta ai vostri eventi! Grazie per la passione e la dedizione costante e complimenti a tutti i binomi in gara che hanno ottenuto punti validi per il campionato italiano.. ci vediamo alle finali di <strong>Lignano 2024<\/strong>! Buona Treibball a tutti!<\/p>\n\n\n\n<p>A <a href=\"https:\/\/www.federazionecinofila.it\/index.php\/treibball\/\" target=\"_blank\" rel=\"noreferrer noopener\">questo link<\/a> \u00e8 possibile consultare le classifiche della gara di gioved\u00ec 25 aprile.<\/p>\n\n\n\n<p><\/p>\n","protected":false},"excerpt":{"rendered":"<p>Il 25 aprile \u00e8 stata una giornata speciale per il Treibball. Si \u00e8 svolta una nuova tappa del Campionato Italiano di Treibball CIS al Centro Cinofilo La Torre di Pal\u00f9 (VR). Tutti i partecipanti sono stati accolti al centro cinofilo preparato ad hoc per l&#8217;evento da Massimo, Marina e Diego. La gara \u00e8 stata giudicata [&hellip;]<\/p>\n","protected":false},"author":1,"featured_media":6569,"comment_status":"open","ping_status":"open","sticky":false,"template":"","format":"standard","meta":{"_jetpack_memberships_contains_paid_content":false,"footnotes":""},"categories":[35,5],"tags":[],"class_list":["post-6565","post","type-post","status-publish","format-standard","has-post-thumbnail","hentry","category-dipartimenti-sportivi","category-news"],"jetpack_featured_media_url":"https:\/\/www.federazionecinofila.it\/wp-content\/uploads\/2024\/04\/treibball_cover3.png","jetpack_sharing_enabled":true,"_links":{"self":[{"href":"https:\/\/www.federazionecinofila.it\/index.php\/wp-json\/wp\/v2\/posts\/6565","targetHints":{"allow":["GET"]}}],"collection":[{"href":"https:\/\/www.federazionecinofila.it\/index.php\/wp-json\/wp\/v2\/posts"}],"about":[{"href":"https:\/\/www.federazionecinofila.it\/index.php\/wp-json\/wp\/v2\/types\/post"}],"author":[{"embeddable":true,"href":"https:\/\/www.federazionecinofila.it\/index.php\/wp-json\/wp\/v2\/users\/1"}],"replies":[{"embeddable":true,"href":"https:\/\/www.federazionecinofila.it\/index.php\/wp-json\/wp\/v2\/comments?post=6565"}],"version-history":[{"count":0,"href":"https:\/\/www.federazionecinofila.it\/index.php\/wp-json\/wp\/v2\/posts\/6565\/revisions"}],"wp:featuredmedia":[{"embeddable":true,"href":"https:\/\/www.federazionecinofila.it\/index.php\/wp-json\/wp\/v2\/media\/6569"}],"wp:attachment":[{"href":"https:\/\/www.federazionecinofila.it\/index.php\/wp-json\/wp\/v2\/media?parent=6565"}],"wp:term":[{"taxonomy":"category","embeddable":true,"href":"https:\/\/www.federazionecinofila.it\/index.php\/wp-json\/wp\/v2\/categories?post=6565"},{"taxonomy":"post_tag","embeddable":true,"href":"https:\/\/www.federazionecinofila.it\/index.php\/wp-json\/wp\/v2\/tags?post=6565"}],"curies":[{"name":"wp","href":"https:\/\/api.w.org\/{rel}","templated":true}]}}