{"id":6083,"date":"2024-03-18T12:28:03","date_gmt":"2024-03-18T11:28:03","guid":{"rendered":"https:\/\/www.federazionecinofila.it\/?p=6083"},"modified":"2024-03-19T09:53:21","modified_gmt":"2024-03-19T08:53:21","slug":"esercitazione-ricerca-disperso-soic","status":"publish","type":"post","link":"https:\/\/www.federazionecinofila.it\/index.php\/2024\/03\/18\/esercitazione-ricerca-disperso-soic\/","title":{"rendered":"Esercitazione ricerca disperso SOIC"},"content":{"rendered":"<div dir=\"auto\">Si \u00e8 conclusa l&#8217;esercitazione ricerca disperso nel Comune di Agnadello.. l&#8217;attivit\u00e0 ha avuto inizio alle ore 7.30 con allestimento del campo base presso il parcheggio dell&#8217;area feste Ugo Tognazzi. All&#8217;attivit\u00e0, cui hanno preso parte anche i volontari del gruppo comunale LA TORRE di Rivolta d&#8217;Adda, \u00e8 consistita nella simulazione di allontanamento dalla propria abitazione di un individuo di 82 anni, uscito di casa sabato pomeriggio alle 17 a bordo della propria bicicletta e di fatto non rientrato.<\/div>\n<div dir=\"auto\"><\/div>\n<div dir=\"auto\">Le unit\u00e0 logistiche operative del gruppo SOIC dopo la raccolta delle informazioni, recatasi presso l&#8217;abitazione del soggetto, effettuava il prelievo dei campioni biologici riconducibili al disperso, dopodich\u00e9 le unit\u00e0 cinofile operative SOIC iniziavano le operazioni di ricerca mediante i cani molecolari, mentre i volontari del gruppo LA TORRE coadiuvano il personale sul campo effettuando ricerche e raccolta informazioni nei luoghi solitamente frequentati dal disperso. Nel corso della ricerca veniva individuata la bicicletta in uso al disperso in stato di abbandono nei campi fuori dal centro abitato. La ricerca si concludeva con esito positivo alle ore 16 con ritrovamento del disperso all&#8217;interno di un&#8217;abitazione sita nel centro abitato del Comune di Agnadello.<\/div>\n<div dir=\"auto\"><\/div>\n<div dir=\"auto\">La predetta attivit\u00e0 si \u00e8 resa necessaria per l&#8217;accrescimento professionale delle unit\u00e0 cinofile operative della nostra ODV, cogliendo spunti per migliorare la crescita di ognuno. In qualit\u00e0 di coordinatore sono pienamente orgoglioso della passione, umilt\u00e0 e voglia di crescere giorno dopo giorno ogni singolo volontario mette in campo, solo cos\u00ec si raggiungono gli obiettivi che ci siamo prefissati, e dopo quest&#8217;ultima esercitazione sono pi\u00f9 convinto che la strada che stiamo percorrendo \u00e8 quella giusta.<\/div>\n<div dir=\"auto\"><\/div>\n<div dir=\"auto\">In futuro effettueremo altre esercitazioni coinvolgendo altri gruppi di Protezione Civile presenti nel territorio.<\/div>\n<div dir=\"auto\"><\/div>\n<div dir=\"auto\" style=\"text-align: right;\"><em>Paolo Gionfriddo<\/em><\/div>\n","protected":false},"excerpt":{"rendered":"<p>Si \u00e8 conclusa l&#8217;esercitazione ricerca disperso nel Comune di Agnadello.. l&#8217;attivit\u00e0 ha avuto inizio alle ore 7.30 con allestimento del campo base presso il parcheggio dell&#8217;area feste Ugo Tognazzi. All&#8217;attivit\u00e0, cui hanno preso parte anche i volontari del gruppo comunale LA TORRE di Rivolta d&#8217;Adda, \u00e8 consistita nella simulazione di allontanamento dalla propria abitazione di [&hellip;]<\/p>\n","protected":false},"author":1,"featured_media":6084,"comment_status":"open","ping_status":"open","sticky":false,"template":"","format":"standard","meta":{"_jetpack_memberships_contains_paid_content":false,"footnotes":""},"categories":[35],"tags":[],"class_list":["post-6083","post","type-post","status-publish","format-standard","has-post-thumbnail","hentry","category-dipartimenti-sportivi"],"jetpack_featured_media_url":"https:\/\/www.federazionecinofila.it\/wp-content\/uploads\/2024\/03\/WhatsApp-Image-2024-03-17-at-17.40.13.jpeg","jetpack_sharing_enabled":true,"_links":{"self":[{"href":"https:\/\/www.federazionecinofila.it\/index.php\/wp-json\/wp\/v2\/posts\/6083","targetHints":{"allow":["GET"]}}],"collection":[{"href":"https:\/\/www.federazionecinofila.it\/index.php\/wp-json\/wp\/v2\/posts"}],"about":[{"href":"https:\/\/www.federazionecinofila.it\/index.php\/wp-json\/wp\/v2\/types\/post"}],"author":[{"embeddable":true,"href":"https:\/\/www.federazionecinofila.it\/index.php\/wp-json\/wp\/v2\/users\/1"}],"replies":[{"embeddable":true,"href":"https:\/\/www.federazionecinofila.it\/index.php\/wp-json\/wp\/v2\/comments?post=6083"}],"version-history":[{"count":0,"href":"https:\/\/www.federazionecinofila.it\/index.php\/wp-json\/wp\/v2\/posts\/6083\/revisions"}],"wp:featuredmedia":[{"embeddable":true,"href":"https:\/\/www.federazionecinofila.it\/index.php\/wp-json\/wp\/v2\/media\/6084"}],"wp:attachment":[{"href":"https:\/\/www.federazionecinofila.it\/index.php\/wp-json\/wp\/v2\/media?parent=6083"}],"wp:term":[{"taxonomy":"category","embeddable":true,"href":"https:\/\/www.federazionecinofila.it\/index.php\/wp-json\/wp\/v2\/categories?post=6083"},{"taxonomy":"post_tag","embeddable":true,"href":"https:\/\/www.federazionecinofila.it\/index.php\/wp-json\/wp\/v2\/tags?post=6083"}],"curies":[{"name":"wp","href":"https:\/\/api.w.org\/{rel}","templated":true}]}}