{"id":6014,"date":"2024-03-11T11:26:38","date_gmt":"2024-03-11T10:26:38","guid":{"rendered":"https:\/\/www.federazionecinofila.it\/?p=6014"},"modified":"2024-03-11T11:26:41","modified_gmt":"2024-03-11T10:26:41","slug":"progetti-sociali-a-4-zampe","status":"publish","type":"post","link":"https:\/\/www.federazionecinofila.it\/index.php\/2024\/03\/11\/progetti-sociali-a-4-zampe\/","title":{"rendered":"Progetti sociali a 4 zampe"},"content":{"rendered":"\n<p class=\"has-text-align-justify\">Gli istruttori <strong>Laura<\/strong> e <strong>Enrico<\/strong> dell&#8217;associazione <strong>Pelosetti Furbetti<\/strong> di Arenzano (GE) stanno realizzando dei progetti sociali con i loro cani e gli alunni di due scuole dell&#8217;infanzia e scuole primarie della Liguria. <\/p>\n\n\n\n<p class=\"has-text-align-justify\">&#8220;<em>E&#8217; la prima volta che avviamo un progetto anche con una scuola dell&#8217;infanzia<\/em>&#8221; ci raccontano Laura &amp; Enrico e la loro soddisfazione \u00e8 alle stelle. Le attivit\u00e0 gi\u00e0 iniziate nel 2023 con le scuole primarie stanno proseguendo secondo dei progetti ben specifici che permettono agli alunni delle scuole di prendere parte ad attivit\u00e0 di socializzazione e di interazione con i loro cani.<\/p>\n\n\n\n<p class=\"has-text-align-justify\">Gli <strong>insegnati<\/strong> sono molto collaborativi, sia nella progettazione delle attivit\u00e0 che nella successiva realizzazione, e questa proficua collaborazione permette all&#8217; ASD di promuovere attivit\u00e0 all&#8217;interno degli istituti con continuit\u00e0.<\/p>\n\n\n\n<p class=\"has-text-align-justify\">Per tutte le info sulle attivit\u00e0 da loro proposte potete visitare la loro pagina di FB ufficiale a <a href=\"https:\/\/www.facebook.com\/pelosettifurbetti\">questo link<\/a>.<\/p>\n\n\n\n<p class=\"has-text-align-justify\"><strong>Congratulazioni<\/strong> da parte della CIS per queste importanti iniziative rivolte ai pi\u00f9 piccoli perch\u00e9 siamo sicuri che la corretta cultura cinofila si possa diffondere sempre di pi\u00f9 grazie a queste iniziative dedicate ai bimbi e ragazzi delle nostre scuole.<\/p>\n","protected":false},"excerpt":{"rendered":"<p>Gli istruttori Laura e Enrico dell&#8217;associazione Pelosetti Furbetti di Arenzano (GE) stanno realizzando dei progetti sociali con i loro cani e gli alunni di due scuole dell&#8217;infanzia e scuole primarie della Liguria. &#8220;E&#8217; la prima volta che avviamo un progetto anche con una scuola dell&#8217;infanzia&#8221; ci raccontano Laura &amp; Enrico e la loro soddisfazione \u00e8 [&hellip;]<\/p>\n","protected":false},"author":1,"featured_media":6016,"comment_status":"open","ping_status":"open","sticky":false,"template":"","format":"standard","meta":{"_jetpack_memberships_contains_paid_content":false,"footnotes":""},"categories":[6,5],"tags":[],"class_list":["post-6014","post","type-post","status-publish","format-standard","has-post-thumbnail","hentry","category-eventi","category-news"],"jetpack_featured_media_url":"https:\/\/www.federazionecinofila.it\/wp-content\/uploads\/2024\/03\/428705631_864651728799186_1606823391480789824_n.jpg","jetpack_sharing_enabled":true,"_links":{"self":[{"href":"https:\/\/www.federazionecinofila.it\/index.php\/wp-json\/wp\/v2\/posts\/6014","targetHints":{"allow":["GET"]}}],"collection":[{"href":"https:\/\/www.federazionecinofila.it\/index.php\/wp-json\/wp\/v2\/posts"}],"about":[{"href":"https:\/\/www.federazionecinofila.it\/index.php\/wp-json\/wp\/v2\/types\/post"}],"author":[{"embeddable":true,"href":"https:\/\/www.federazionecinofila.it\/index.php\/wp-json\/wp\/v2\/users\/1"}],"replies":[{"embeddable":true,"href":"https:\/\/www.federazionecinofila.it\/index.php\/wp-json\/wp\/v2\/comments?post=6014"}],"version-history":[{"count":0,"href":"https:\/\/www.federazionecinofila.it\/index.php\/wp-json\/wp\/v2\/posts\/6014\/revisions"}],"wp:featuredmedia":[{"embeddable":true,"href":"https:\/\/www.federazionecinofila.it\/index.php\/wp-json\/wp\/v2\/media\/6016"}],"wp:attachment":[{"href":"https:\/\/www.federazionecinofila.it\/index.php\/wp-json\/wp\/v2\/media?parent=6014"}],"wp:term":[{"taxonomy":"category","embeddable":true,"href":"https:\/\/www.federazionecinofila.it\/index.php\/wp-json\/wp\/v2\/categories?post=6014"},{"taxonomy":"post_tag","embeddable":true,"href":"https:\/\/www.federazionecinofila.it\/index.php\/wp-json\/wp\/v2\/tags?post=6014"}],"curies":[{"name":"wp","href":"https:\/\/api.w.org\/{rel}","templated":true}]}}