{"id":4161,"date":"2023-07-25T08:00:00","date_gmt":"2023-07-25T06:00:00","guid":{"rendered":"https:\/\/www.federazionecinofila.it\/?p=4161"},"modified":"2023-07-25T08:45:42","modified_gmt":"2023-07-25T06:45:42","slug":"finale-campionato-regionale-agility-regione-sicilia","status":"publish","type":"post","link":"https:\/\/www.federazionecinofila.it\/index.php\/2023\/07\/25\/finale-campionato-regionale-agility-regione-sicilia\/","title":{"rendered":"Finale Campionato Regionale Sicilia &#8211; Agility CIS"},"content":{"rendered":"\n<p class=\"has-text-align-justify\"><strong>Venerd\u00ec 21 luglio <\/strong>e <strong>sabato 22 Luglio<\/strong> in notturna al <strong>Centro Cinofilo Doggy Park<\/strong> di <strong>Palermo<\/strong> si \u00e8 svolta la <strong>Finale del Campionato Regionale di Agility <\/strong>in<strong> Sicilia<\/strong>. La finale si \u00e8 svolta in un bel clima di festa, con il giudice Alfonso Sabbatini che ha giudicato tutti i binomi presenti alla finale.<\/p>\n\n\n\n<p class=\"has-text-align-justify\">La finale ha permesso a tutti i binomi siciliani che si sono sfidati durante l&#8217;anno nelle gare di Campionato, di incontrarsi in un unico luogo per giocarsi il titolo di Campione regionale 2023.<\/p>\n\n\n\n<p class=\"has-text-align-justify\">Ricordiamo che per poter partecipare alle Finali del Campionato Regionale CIS \u00e8 sufficiente partecipare ad almeno una gara di Campionato nella propria regione di appartenenza. La finalissima regionale prevede una prova di agility e una di jumping di qualificazione e una prova di agility unica di finalissima che decreta il vincitore del Campionato Regionale.<\/p>\n\n\n\n<p class=\"has-text-align-justify\">Facciamo i nostri complimenti a <strong>Fabio<\/strong> e<strong> Joker<\/strong> per la categoria<strong> small<\/strong> e<strong> Vincenzo<\/strong> e <strong>Connie<\/strong> per la categoria <strong>intermedi<\/strong> che si sono aggiudicati il titolo di <strong>Campione Regionale Sicilia 2023<\/strong>.<\/p>\n\n\n\n<p class=\"has-text-align-justify\">Vi aspettiamo a Lignano Sabbiadoro dal <strong>15<\/strong> al <strong>17 settembre<\/strong> per le <strong>Finali del Campionato Nazionale<\/strong>!!<\/p>\n","protected":false},"excerpt":{"rendered":"<p>Venerd\u00ec 21 luglio e sabato 22 Luglio in notturna al Centro Cinofilo Doggy Park di Palermo si \u00e8 svolta la Finale del Campionato Regionale di Agility in Sicilia. La finale si \u00e8 svolta in un bel clima di festa, con il giudice Alfonso Sabbatini che ha giudicato tutti i binomi presenti alla finale. La finale [&hellip;]<\/p>\n","protected":false},"author":1,"featured_media":4164,"comment_status":"open","ping_status":"open","sticky":false,"template":"","format":"standard","meta":{"_jetpack_memberships_contains_paid_content":false,"footnotes":""},"categories":[6,5,4],"tags":[],"class_list":["post-4161","post","type-post","status-publish","format-standard","has-post-thumbnail","hentry","category-eventi","category-news","category-sport"],"jetpack_featured_media_url":"https:\/\/www.federazionecinofila.it\/wp-content\/uploads\/2023\/07\/WhatsApp-Image-2023-07-24-at-14.04.08.jpeg","jetpack_sharing_enabled":true,"_links":{"self":[{"href":"https:\/\/www.federazionecinofila.it\/index.php\/wp-json\/wp\/v2\/posts\/4161","targetHints":{"allow":["GET"]}}],"collection":[{"href":"https:\/\/www.federazionecinofila.it\/index.php\/wp-json\/wp\/v2\/posts"}],"about":[{"href":"https:\/\/www.federazionecinofila.it\/index.php\/wp-json\/wp\/v2\/types\/post"}],"author":[{"embeddable":true,"href":"https:\/\/www.federazionecinofila.it\/index.php\/wp-json\/wp\/v2\/users\/1"}],"replies":[{"embeddable":true,"href":"https:\/\/www.federazionecinofila.it\/index.php\/wp-json\/wp\/v2\/comments?post=4161"}],"version-history":[{"count":0,"href":"https:\/\/www.federazionecinofila.it\/index.php\/wp-json\/wp\/v2\/posts\/4161\/revisions"}],"wp:featuredmedia":[{"embeddable":true,"href":"https:\/\/www.federazionecinofila.it\/index.php\/wp-json\/wp\/v2\/media\/4164"}],"wp:attachment":[{"href":"https:\/\/www.federazionecinofila.it\/index.php\/wp-json\/wp\/v2\/media?parent=4161"}],"wp:term":[{"taxonomy":"category","embeddable":true,"href":"https:\/\/www.federazionecinofila.it\/index.php\/wp-json\/wp\/v2\/categories?post=4161"},{"taxonomy":"post_tag","embeddable":true,"href":"https:\/\/www.federazionecinofila.it\/index.php\/wp-json\/wp\/v2\/tags?post=4161"}],"curies":[{"name":"wp","href":"https:\/\/api.w.org\/{rel}","templated":true}]}}