{"id":11012,"date":"2026-02-24T08:40:50","date_gmt":"2026-02-24T07:40:50","guid":{"rendered":"https:\/\/www.federazionecinofila.it\/?p=11012"},"modified":"2026-02-24T08:40:50","modified_gmt":"2026-02-24T07:40:50","slug":"mantrailing-a-casale-cremasco-e-record-di-partecipazione-37-binomi-in-gara","status":"publish","type":"post","link":"https:\/\/www.federazionecinofila.it\/index.php\/2026\/02\/24\/mantrailing-a-casale-cremasco-e-record-di-partecipazione-37-binomi-in-gara\/","title":{"rendered":"Mantrailing, a Casale Cremasco \u00e8 record di partecipazione: 37 binomi in gara"},"content":{"rendered":"<p>CASALE CREMASCO VIDOLASCO \u2013 Il fiuto dei cani e l\u2019intesa con i loro conduttori sono stati i protagonisti assoluti della domenica trascorsa presso il centro sportivo di Casale Cremasco Vidolasco. La quarta tappa del Campionato Nazionale e Regionale di Mantrailing CIS ha segnato un punto di svolta per la disciplina, portando nel territorio cremasco una delle manifestazioni pi\u00f9 partecipate della stagione.<\/p>\n<p>\u200bL\u2019evento, organizzato con cura dall\u2019OdV SOIC, ha visto scendere in campo ben 37 binomi provenienti da tutta la Lombardia e dall\u2019Emilia Romagna. Numeri importanti che testimoniano quanto il mantrailing stia uscendo dalla nicchia per diventare un movimento sportivo e relazionale di alto livello.<\/p>\n<p>\u200bA monitorare il lavoro sul campo \u00e8 stata una giuria di eccellenza composta dai giudici nazionali Paolo Gionfriddo, Giancarlo Sala e Mara Bellini. Il loro compito non \u00e8 stato solo valutare la precisione della ricerca, ma anche la qualit\u00e0 della comunicazione tra cane e proprietario, elemento cardine di questa attivit\u00e0.<\/p>\n<p>\u200bIl successo del movimento CIS sta portando il mantrailing a una consapevolezza elevata, sempre pi\u00f9 persone si avvicinano a questo mondo non solo per l&#8217;aspetto agonistico, ma per saldare in modo profondo il rapporto con il proprio amico a quattro zampe, imparando a leggerne i segnali e a fidarsi del suo straordinario olfatto.<\/p>\n<p>\u200bLa giornata a Casale Cremasco non \u00e8 stata solo una sfida contro il tempo o la difficolt\u00e0 della traccia, ma un momento di condivisione e crescita collettiva, dove esperti e neofiti hanno potuto scambiarsi competenze in un clima di grande sportivit\u00e0.<\/p>\n<p>\u200bIl sipario sulla tappa cremasca si chiude con un bilancio estremamente positivo, ma i motori sono gi\u00e0 caldi per il prossimo appuntamento: il campionato nazionale torner\u00e0 infatti a marzo per una nuova ed emozionante sfida che promette di confermare il trend di crescita di questa affascinante disciplina.<\/p>\n<p>&nbsp;<\/p>\n<p>Paolo Gionfriddo<\/p>\n","protected":false},"excerpt":{"rendered":"<p>CASALE CREMASCO VIDOLASCO \u2013 Il fiuto dei cani e l\u2019intesa con i loro conduttori sono stati i protagonisti assoluti della domenica trascorsa presso il centro sportivo di Casale Cremasco Vidolasco. La quarta tappa del Campionato Nazionale e Regionale di Mantrailing CIS ha segnato un punto di svolta per la disciplina, portando nel territorio cremasco una [&hellip;]<\/p>\n","protected":false},"author":1,"featured_media":11013,"comment_status":"open","ping_status":"open","sticky":false,"template":"","format":"standard","meta":{"_jetpack_memberships_contains_paid_content":false,"footnotes":""},"categories":[1],"tags":[],"class_list":["post-11012","post","type-post","status-publish","format-standard","has-post-thumbnail","hentry","category-senza-categoria"],"jetpack_featured_media_url":"https:\/\/www.federazionecinofila.it\/wp-content\/uploads\/2026\/02\/WhatsApp-Image-2026-02-23-at-09.01.33-2.jpeg","jetpack_sharing_enabled":true,"_links":{"self":[{"href":"https:\/\/www.federazionecinofila.it\/index.php\/wp-json\/wp\/v2\/posts\/11012","targetHints":{"allow":["GET"]}}],"collection":[{"href":"https:\/\/www.federazionecinofila.it\/index.php\/wp-json\/wp\/v2\/posts"}],"about":[{"href":"https:\/\/www.federazionecinofila.it\/index.php\/wp-json\/wp\/v2\/types\/post"}],"author":[{"embeddable":true,"href":"https:\/\/www.federazionecinofila.it\/index.php\/wp-json\/wp\/v2\/users\/1"}],"replies":[{"embeddable":true,"href":"https:\/\/www.federazionecinofila.it\/index.php\/wp-json\/wp\/v2\/comments?post=11012"}],"version-history":[{"count":0,"href":"https:\/\/www.federazionecinofila.it\/index.php\/wp-json\/wp\/v2\/posts\/11012\/revisions"}],"wp:featuredmedia":[{"embeddable":true,"href":"https:\/\/www.federazionecinofila.it\/index.php\/wp-json\/wp\/v2\/media\/11013"}],"wp:attachment":[{"href":"https:\/\/www.federazionecinofila.it\/index.php\/wp-json\/wp\/v2\/media?parent=11012"}],"wp:term":[{"taxonomy":"category","embeddable":true,"href":"https:\/\/www.federazionecinofila.it\/index.php\/wp-json\/wp\/v2\/categories?post=11012"},{"taxonomy":"post_tag","embeddable":true,"href":"https:\/\/www.federazionecinofila.it\/index.php\/wp-json\/wp\/v2\/tags?post=11012"}],"curies":[{"name":"wp","href":"https:\/\/api.w.org\/{rel}","templated":true}]}}