{"id":10645,"date":"2026-01-27T11:33:34","date_gmt":"2026-01-27T10:33:34","guid":{"rendered":"https:\/\/www.federazionecinofila.it\/?p=10645"},"modified":"2026-01-27T11:33:34","modified_gmt":"2026-01-27T10:33:34","slug":"il-mantrailing-protagonista-a-casale-cremasco-una-domenica-tra-agonismo-e-professionalita","status":"publish","type":"post","link":"https:\/\/www.federazionecinofila.it\/index.php\/2026\/01\/27\/il-mantrailing-protagonista-a-casale-cremasco-una-domenica-tra-agonismo-e-professionalita\/","title":{"rendered":"Il Mantrailing protagonista a Casale Cremasco: una domenica tra agonismo e professionalit\u00e0"},"content":{"rendered":"<p><strong>CASALE CREMASCO VIDOLASCO (CR)<\/strong> \u2013 Una domenica all&#8217;insegna del fiuto e della grande tecnica quella del 25 gennaio, che ha visto il territorio di Casale Cremasco Vidolasco trasformarsi nel teatro di una sfida di altissimo livello. Si \u00e8 svolta infatti la gara di Mantrailing CIS, valida per il Campionato Nazionale e Regionale Lombardia, sotto l\u2019impeccabile regia organizzativa dell\u2019OdV SOIC.<\/p>\n<p><strong>Un movimento in crescita <\/strong><\/p>\n<p>\u200bL\u2019evento ha richiamato numerosi binomi (cane-conduttore) provenienti non solo dalla Lombardia, ma anche da Veneto ed Emilia Romagna, a testimonianza di un movimento sportivo e operativo che sta vivendo una crescita esponenziale su tutto il territorio nazionale.<\/p>\n<p><strong>Sfide tecniche e giudizio d&#8217;eccellenza<\/strong><\/p>\n<p>\u200bLe tracce preparate per l&#8217;occasione dai Giudici Nazionali Giancarlo Sala e Paolo Gionfriddo si sono rivelate complesse e stimolanti, mettendo alla prova la capacit\u00e0 di analisi e la resistenza dei binomi. Nonostante le difficolt\u00e0 del terreno e dei percorsi, i partecipanti hanno dimostrato una maturit\u00e0 tecnica sorprendente, segnale di un costante lavoro di addestramento che sta alzando la qualit\u00e0 media delle prestazioni agonistiche.<\/p>\n<p><strong>Oltre la gara: la forza del gruppo <\/strong><\/p>\n<p>\u200bMa la giornata non \u00e8 stata solo cronometro e risultati. Lo spirito che anima il circuito CIS e l\u2019OdV SOIC \u00e8 da sempre orientato alla condivisione. Al termine delle prove, il gruppo organizzatore ha offerto un momento ricreativo che si \u00e8 trasformato in un\u2019importante occasione di confronto professionale e scambio di esperienze tra appassionati e professionisti del settore.<\/p>\n<p>\u200b&#8221;\u00c8 un movimento che sta crescendo a vista d&#8217;occhio&#8221; \u2013 commentano con soddisfazione gli organizzatori \u2013 &#8220;Vedere cos\u00ec tanta qualit\u00e0 tecnica unita a un sano spirito di competizione e voglia di stare insieme ci spinge a fare sempre meglio&#8221;.<\/p>\n<p><strong>I prossimi appuntamenti<\/strong><\/p>\n<p>\u200bIl sipario cala su questa tappa cremasca con un bilancio estremamente positivo, ma il calendario \u00e8 gi\u00e0 fitto. Il Campionato Nazionale proseguir\u00e0 con nuove tappe previste sia in Lombardia che nelle altre regioni d\u2019Italia, promettendo nuove sfide per tutti gli appassionati di questa affascinante disciplina.<\/p>\n<p>&nbsp;<\/p>\n<p style=\"text-align: right;\"><em>Paolo Gionfriddo<\/em><\/p>\n","protected":false},"excerpt":{"rendered":"<p>CASALE CREMASCO VIDOLASCO (CR) \u2013 Una domenica all&#8217;insegna del fiuto e della grande tecnica quella del 25 gennaio, che ha visto il territorio di Casale Cremasco Vidolasco trasformarsi nel teatro di una sfida di altissimo livello. Si \u00e8 svolta infatti la gara di Mantrailing CIS, valida per il Campionato Nazionale e Regionale Lombardia, sotto l\u2019impeccabile [&hellip;]<\/p>\n","protected":false},"author":1,"featured_media":10646,"comment_status":"open","ping_status":"open","sticky":false,"template":"","format":"standard","meta":{"_jetpack_memberships_contains_paid_content":false,"footnotes":""},"categories":[1],"tags":[],"class_list":["post-10645","post","type-post","status-publish","format-standard","has-post-thumbnail","hentry","category-senza-categoria"],"jetpack_featured_media_url":"https:\/\/www.federazionecinofila.it\/wp-content\/uploads\/2026\/01\/09ca97d7-1234-4dc6-9624-bd325b1122d6.jpg","jetpack_sharing_enabled":true,"_links":{"self":[{"href":"https:\/\/www.federazionecinofila.it\/index.php\/wp-json\/wp\/v2\/posts\/10645","targetHints":{"allow":["GET"]}}],"collection":[{"href":"https:\/\/www.federazionecinofila.it\/index.php\/wp-json\/wp\/v2\/posts"}],"about":[{"href":"https:\/\/www.federazionecinofila.it\/index.php\/wp-json\/wp\/v2\/types\/post"}],"author":[{"embeddable":true,"href":"https:\/\/www.federazionecinofila.it\/index.php\/wp-json\/wp\/v2\/users\/1"}],"replies":[{"embeddable":true,"href":"https:\/\/www.federazionecinofila.it\/index.php\/wp-json\/wp\/v2\/comments?post=10645"}],"version-history":[{"count":0,"href":"https:\/\/www.federazionecinofila.it\/index.php\/wp-json\/wp\/v2\/posts\/10645\/revisions"}],"wp:featuredmedia":[{"embeddable":true,"href":"https:\/\/www.federazionecinofila.it\/index.php\/wp-json\/wp\/v2\/media\/10646"}],"wp:attachment":[{"href":"https:\/\/www.federazionecinofila.it\/index.php\/wp-json\/wp\/v2\/media?parent=10645"}],"wp:term":[{"taxonomy":"category","embeddable":true,"href":"https:\/\/www.federazionecinofila.it\/index.php\/wp-json\/wp\/v2\/categories?post=10645"},{"taxonomy":"post_tag","embeddable":true,"href":"https:\/\/www.federazionecinofila.it\/index.php\/wp-json\/wp\/v2\/tags?post=10645"}],"curies":[{"name":"wp","href":"https:\/\/api.w.org\/{rel}","templated":true}]}}